{"id":6308,"date":"2026-04-23T17:23:22","date_gmt":"2026-04-23T15:23:22","guid":{"rendered":"https:\/\/caffemoreno.it\/?p=6308"},"modified":"2026-04-23T17:23:23","modified_gmt":"2026-04-23T15:23:23","slug":"caffe-moreno-marchio-storico-di-interesse-nazionale","status":"publish","type":"post","link":"https:\/\/caffemoreno.it\/en\/caffe-moreno-marchio-storico-di-interesse-nazionale\/","title":{"rendered":"CAFF\u00c8 MORENO &#8211; MARCHIO STORICO DI INTERESSE NAZIONALE"},"content":{"rendered":"<figure class=\"wp-block-gallery alignleft has-nested-images columns-default is-cropped wp-block-gallery-1 is-layout-flex wp-block-gallery-is-layout-flex\">\n<figure class=\"wp-block-image size-full\"><img fetchpriority=\"high\" decoding=\"async\" width=\"1001\" height=\"1250\" data-id=\"6304\" src=\"https:\/\/caffemoreno.it\/wp-content\/uploads\/2026\/04\/MARCHIO-STORICO_MOBILE.webp\" alt=\"\" class=\"wp-image-6304\" srcset=\"https:\/\/caffemoreno.it\/wp-content\/uploads\/2026\/04\/MARCHIO-STORICO_MOBILE.webp 1001w, https:\/\/caffemoreno.it\/wp-content\/uploads\/2026\/04\/MARCHIO-STORICO_MOBILE-240x300.webp 240w, https:\/\/caffemoreno.it\/wp-content\/uploads\/2026\/04\/MARCHIO-STORICO_MOBILE-820x1024.webp 820w, https:\/\/caffemoreno.it\/wp-content\/uploads\/2026\/04\/MARCHIO-STORICO_MOBILE-768x959.webp 768w, https:\/\/caffemoreno.it\/wp-content\/uploads\/2026\/04\/MARCHIO-STORICO_MOBILE-10x12.webp 10w, https:\/\/caffemoreno.it\/wp-content\/uploads\/2026\/04\/MARCHIO-STORICO_MOBILE-800x999.webp 800w, https:\/\/caffemoreno.it\/wp-content\/uploads\/2026\/04\/MARCHIO-STORICO_MOBILE-560x699.webp 560w\" sizes=\"(max-width: 1001px) 100vw, 1001px\" \/><\/figure>\n<\/figure>\n\n\n\n<p>Caff\u00e8 Moreno ha ottenuto il riconoscimento ufficiale di Marchio Storico di Interesse Nazionale dal Ministero delle Imprese e del Made in Italy, un prestigioso titolo che celebra la solidit\u00e0 e la lunga tradizione dell\u2019azienda. Questo riconoscimento testimonia l\u2019importante contributo che Caff\u00e8 Moreno ha dato e continua a dare al panorama del Made in Italy, con un impegno costante nell&#8217;offrire prodotti di alta qualit\u00e0 e nella valorizzazione delle tradizioni italiane.<\/p>\n\n\n\n<p>L\u2019ottenimento del Marchio Storico di Interesse Nazionale \u00e8 il frutto di decenni di passione, dedizione e innovazione, che hanno reso Caff\u00e8 Moreno un punto di riferimento nel settore. Questo traguardo non rappresenta solo un segno di successo, ma \u00e8 anche un impegno a proseguire su questa strada, con rinnovato slancio, per guardare al futuro con fiducia e determinazione.<br>Il riconoscimento conferito \u00e8 una testimonianza del legame profondo con il territorio e con i valori che hanno sempre contraddistinto il lavoro dell\u2019azienda. Con il continuo supporto dei suoi clienti e partner, Caff\u00e8 Moreno \u00e8 pronta a proseguire nella sua crescita, sempre nel rispetto delle tradizioni che l\u2019hanno portata a questo importante traguardo.<\/p>","protected":false},"excerpt":{"rendered":"testo","protected":false},"author":1,"featured_media":6304,"comment_status":"closed","ping_status":"closed","sticky":false,"template":"","format":"standard","meta":{"footnotes":""},"categories":[64],"tags":[],"aioseo_notices":[],"_links":{"self":[{"href":"https:\/\/caffemoreno.it\/en\/wp-json\/wp\/v2\/posts\/6308"}],"collection":[{"href":"https:\/\/caffemoreno.it\/en\/wp-json\/wp\/v2\/posts"}],"about":[{"href":"https:\/\/caffemoreno.it\/en\/wp-json\/wp\/v2\/types\/post"}],"author":[{"embeddable":true,"href":"https:\/\/caffemoreno.it\/en\/wp-json\/wp\/v2\/users\/1"}],"replies":[{"embeddable":true,"href":"https:\/\/caffemoreno.it\/en\/wp-json\/wp\/v2\/comments?post=6308"}],"version-history":[{"count":1,"href":"https:\/\/caffemoreno.it\/en\/wp-json\/wp\/v2\/posts\/6308\/revisions"}],"predecessor-version":[{"id":6309,"href":"https:\/\/caffemoreno.it\/en\/wp-json\/wp\/v2\/posts\/6308\/revisions\/6309"}],"wp:featuredmedia":[{"embeddable":true,"href":"https:\/\/caffemoreno.it\/en\/wp-json\/wp\/v2\/media\/6304"}],"wp:attachment":[{"href":"https:\/\/caffemoreno.it\/en\/wp-json\/wp\/v2\/media?parent=6308"}],"wp:term":[{"taxonomy":"category","embeddable":true,"href":"https:\/\/caffemoreno.it\/en\/wp-json\/wp\/v2\/categories?post=6308"},{"taxonomy":"post_tag","embeddable":true,"href":"https:\/\/caffemoreno.it\/en\/wp-json\/wp\/v2\/tags?post=6308"}],"curies":[{"name":"wp","href":"https:\/\/api.w.org\/{rel}","templated":true}]}}